{"id":5208,"date":"2026-04-27T19:32:37","date_gmt":"2026-04-27T17:32:37","guid":{"rendered":"https:\/\/payra-monvillage.fr\/?p=5208"},"modified":"2026-04-27T19:32:37","modified_gmt":"2026-04-27T17:32:37","slug":"journee-citoyenne-2","status":"publish","type":"post","link":"https:\/\/payra-monvillage.fr\/index.php\/2026\/04\/27\/journee-citoyenne-2\/","title":{"rendered":"Journ\u00e9e citoyenne"},"content":{"rendered":"\n<p>Ce fut une magnifique journ\u00e9e pour le bien des habitants de Payra, une r\u00e9ussite qui comme d&rsquo;habitude se termina  par  un super ap\u00e9ro et l&rsquo;incontournable saucisse grill\u00e9e . Une dalle de b\u00e9ton fut b\u00e2tie pour des toilettes publiques, \u00e9galement des tonnes de graviers furent rentr\u00e9s pour les all\u00e9es du cimeti\u00e8re et des fleurs furent plant\u00e9es dans les diff\u00e9rents bacs du village.<\/p>\n\n\n\n<p><\/p>\n\n\n\n<p><\/p>\n\n\n\n<figure class=\"wp-block-image size-large\"><img loading=\"lazy\" decoding=\"async\" width=\"1024\" height=\"576\" src=\"https:\/\/payra-monvillage.fr\/wp-content\/uploads\/2026\/04\/journee-citoyenne-1024x576.jpg\" alt=\"\" class=\"wp-image-5209\" srcset=\"https:\/\/payra-monvillage.fr\/wp-content\/uploads\/2026\/04\/journee-citoyenne-1024x576.jpg 1024w, https:\/\/payra-monvillage.fr\/wp-content\/uploads\/2026\/04\/journee-citoyenne-300x169.jpg 300w, https:\/\/payra-monvillage.fr\/wp-content\/uploads\/2026\/04\/journee-citoyenne-768x432.jpg 768w, https:\/\/payra-monvillage.fr\/wp-content\/uploads\/2026\/04\/journee-citoyenne.jpg 1200w\" sizes=\"auto, (max-width: 767px) 89vw, (max-width: 1000px) 54vw, (max-width: 1071px) 543px, 580px\" \/><\/figure>\n","protected":false},"excerpt":{"rendered":"<p>Ce fut une magnifique journ\u00e9e pour le bien des habitants de Payra, une r\u00e9ussite qui comme d&rsquo;habitude se termina par un super ap\u00e9ro et l&rsquo;incontournable saucisse grill\u00e9e . Une dalle de b\u00e9ton fut b\u00e2tie pour des toilettes publiques, \u00e9galement des tonnes de graviers furent rentr\u00e9s pour les all\u00e9es du cimeti\u00e8re et des fleurs furent plant\u00e9es &hellip; <\/p>\n<p class=\"link-more\"><a href=\"https:\/\/payra-monvillage.fr\/index.php\/2026\/04\/27\/journee-citoyenne-2\/\" class=\"more-link\">Continuer la lecture<span class=\"screen-reader-text\"> de &laquo;&nbsp;Journ\u00e9e citoyenne&nbsp;&raquo;<\/span><\/a><\/p>\n","protected":false},"author":1,"featured_media":0,"comment_status":"open","ping_status":"open","sticky":false,"template":"","format":"standard","meta":{"footnotes":""},"categories":[1],"tags":[],"class_list":["post-5208","post","type-post","status-publish","format-standard","hentry","category-non-classe"],"_links":{"self":[{"href":"https:\/\/payra-monvillage.fr\/index.php\/wp-json\/wp\/v2\/posts\/5208","targetHints":{"allow":["GET"]}}],"collection":[{"href":"https:\/\/payra-monvillage.fr\/index.php\/wp-json\/wp\/v2\/posts"}],"about":[{"href":"https:\/\/payra-monvillage.fr\/index.php\/wp-json\/wp\/v2\/types\/post"}],"author":[{"embeddable":true,"href":"https:\/\/payra-monvillage.fr\/index.php\/wp-json\/wp\/v2\/users\/1"}],"replies":[{"embeddable":true,"href":"https:\/\/payra-monvillage.fr\/index.php\/wp-json\/wp\/v2\/comments?post=5208"}],"version-history":[{"count":1,"href":"https:\/\/payra-monvillage.fr\/index.php\/wp-json\/wp\/v2\/posts\/5208\/revisions"}],"predecessor-version":[{"id":5210,"href":"https:\/\/payra-monvillage.fr\/index.php\/wp-json\/wp\/v2\/posts\/5208\/revisions\/5210"}],"wp:attachment":[{"href":"https:\/\/payra-monvillage.fr\/index.php\/wp-json\/wp\/v2\/media?parent=5208"}],"wp:term":[{"taxonomy":"category","embeddable":true,"href":"https:\/\/payra-monvillage.fr\/index.php\/wp-json\/wp\/v2\/categories?post=5208"},{"taxonomy":"post_tag","embeddable":true,"href":"https:\/\/payra-monvillage.fr\/index.php\/wp-json\/wp\/v2\/tags?post=5208"}],"curies":[{"name":"wp","href":"https:\/\/api.w.org\/{rel}","templated":true}]}}