{"id":4771,"date":"2025-09-11T20:11:03","date_gmt":"2025-09-11T18:11:03","guid":{"rendered":"https:\/\/payra-monvillage.fr\/?p=4771"},"modified":"2025-09-11T20:11:03","modified_gmt":"2025-09-11T18:11:03","slug":"information-11-septembre-2025","status":"publish","type":"post","link":"https:\/\/payra-monvillage.fr\/index.php\/2025\/09\/11\/information-11-septembre-2025\/","title":{"rendered":"information 11 septembre 2025"},"content":{"rendered":"\n<p><strong><u>Information communale<\/u><\/strong><\/p>\n\n\n\n<p>Bonjour,<\/p>\n\n\n\n<p>Le nettoyage et la d\u00e9sinfection du r\u00e9servoir d&rsquo;eau potable de la Piboulette sont pr\u00e9vus&nbsp;<strong>jeudi 18 septembre \u00e0 partir de 14h<\/strong><\/p>\n\n\n\n<p>Des perturbations de type baisse de pression ou manque d\u2019eau sont possibles ce jour-l\u00e0<\/p>\n\n\n\n<p>Vous en souhaitant bonne r\u00e9ception,<br>Bien cordialement<\/p>\n\n\n\n<p>&#8212;<\/p>\n\n\n\n<figure class=\"wp-block-image\"><img decoding=\"async\" src=\"https:\/\/apis.mail.yahoo.com\/ws\/v3\/mailboxes\/@.id==VjN-fwyKiMl4aq3hgrPUbF-7n80MIBwFpltOLmVJH5p2bockJZrnnmjckzALfeXPCNQfXtdAGcSqXvMjL5IQAhN2SA\/messages\/@.id==AJjn4JzlQPzsVAJmjDW23drIMZg\/content\/parts\/@.id==2.2\/refresh?appid=YMailNovation&amp;ymreqid=dcf734fc-5f04-5cdd-1c5e-300002018000\" alt=\"\"\/><\/figure>\n\n\n\n<p><strong>\u00c9lodie MESTRE<br><\/strong>Secr\u00e9taire de mairie<\/p>\n\n\n\n<p>2 rue de la Mairie<br>11410 PAYRA SUR L&rsquo;HERS<\/p>\n\n\n\n<p>Tel : 04 68 60 31 42<br><a rel=\"noreferrer noopener\" target=\"_blank\" href=\"https:\/\/www.payrasurlhers.fr\/\">www.payrasurlhers.fr<\/a><br>Horaires ouverture: Lundi, mercredi, vendredi de 9h \u00e0 12h jeudi de 14h \u00e0 17h<\/p>\n","protected":false},"excerpt":{"rendered":"<p>Information communale Bonjour, Le nettoyage et la d\u00e9sinfection du r\u00e9servoir d&rsquo;eau potable de la Piboulette sont pr\u00e9vus&nbsp;jeudi 18 septembre \u00e0 partir de 14h Des perturbations de type baisse de pression ou manque d\u2019eau sont possibles ce jour-l\u00e0 Vous en souhaitant bonne r\u00e9ception,Bien cordialement &#8212; \u00c9lodie MESTRESecr\u00e9taire de mairie 2 rue de la Mairie11410 PAYRA SUR &hellip; <\/p>\n<p class=\"link-more\"><a href=\"https:\/\/payra-monvillage.fr\/index.php\/2025\/09\/11\/information-11-septembre-2025\/\" class=\"more-link\">Continuer la lecture<span class=\"screen-reader-text\"> de &laquo;&nbsp;information 11 septembre 2025&nbsp;&raquo;<\/span><\/a><\/p>\n","protected":false},"author":1,"featured_media":0,"comment_status":"open","ping_status":"open","sticky":false,"template":"","format":"standard","meta":{"footnotes":""},"categories":[1],"tags":[],"class_list":["post-4771","post","type-post","status-publish","format-standard","hentry","category-non-classe"],"_links":{"self":[{"href":"https:\/\/payra-monvillage.fr\/index.php\/wp-json\/wp\/v2\/posts\/4771","targetHints":{"allow":["GET"]}}],"collection":[{"href":"https:\/\/payra-monvillage.fr\/index.php\/wp-json\/wp\/v2\/posts"}],"about":[{"href":"https:\/\/payra-monvillage.fr\/index.php\/wp-json\/wp\/v2\/types\/post"}],"author":[{"embeddable":true,"href":"https:\/\/payra-monvillage.fr\/index.php\/wp-json\/wp\/v2\/users\/1"}],"replies":[{"embeddable":true,"href":"https:\/\/payra-monvillage.fr\/index.php\/wp-json\/wp\/v2\/comments?post=4771"}],"version-history":[{"count":1,"href":"https:\/\/payra-monvillage.fr\/index.php\/wp-json\/wp\/v2\/posts\/4771\/revisions"}],"predecessor-version":[{"id":4772,"href":"https:\/\/payra-monvillage.fr\/index.php\/wp-json\/wp\/v2\/posts\/4771\/revisions\/4772"}],"wp:attachment":[{"href":"https:\/\/payra-monvillage.fr\/index.php\/wp-json\/wp\/v2\/media?parent=4771"}],"wp:term":[{"taxonomy":"category","embeddable":true,"href":"https:\/\/payra-monvillage.fr\/index.php\/wp-json\/wp\/v2\/categories?post=4771"},{"taxonomy":"post_tag","embeddable":true,"href":"https:\/\/payra-monvillage.fr\/index.php\/wp-json\/wp\/v2\/tags?post=4771"}],"curies":[{"name":"wp","href":"https:\/\/api.w.org\/{rel}","templated":true}]}}