{"id":4466,"date":"2025-06-03T08:23:11","date_gmt":"2025-06-03T06:23:11","guid":{"rendered":"https:\/\/payra-monvillage.fr\/?p=4466"},"modified":"2025-06-03T08:23:11","modified_gmt":"2025-06-03T06:23:11","slug":"auberge-espagnole","status":"publish","type":"post","link":"https:\/\/payra-monvillage.fr\/index.php\/2025\/06\/03\/auberge-espagnole\/","title":{"rendered":"AUBERGE ESPAGNOLE"},"content":{"rendered":"\n<p>Bonjour \u00e0 tous<\/p>\n\n\n\n<p>Suite aux bons retours concernant l&rsquo;auberge espagnole du vendredi 11 avril, un nouveau rendez vous est pr\u00e9vu le&nbsp;<strong>vendredi 13 juin 2025<\/strong>&nbsp;\u00e0&nbsp;<strong>19h30<\/strong>&nbsp;au parc si le temps le permet, sinon \u00e0 la salle des f\u00eates.&nbsp;<\/p>\n\n\n\n<p>Esp\u00e9rant votre pr\u00e9sence,<br>Bien cordialement<\/p>\n","protected":false},"excerpt":{"rendered":"<p>Bonjour \u00e0 tous Suite aux bons retours concernant l&rsquo;auberge espagnole du vendredi 11 avril, un nouveau rendez vous est pr\u00e9vu le&nbsp;vendredi 13 juin 2025&nbsp;\u00e0&nbsp;19h30&nbsp;au parc si le temps le permet, sinon \u00e0 la salle des f\u00eates.&nbsp; Esp\u00e9rant votre pr\u00e9sence,Bien cordialement<\/p>\n","protected":false},"author":1,"featured_media":0,"comment_status":"open","ping_status":"open","sticky":false,"template":"","format":"standard","meta":{"footnotes":""},"categories":[1],"tags":[],"class_list":["post-4466","post","type-post","status-publish","format-standard","hentry","category-non-classe"],"_links":{"self":[{"href":"https:\/\/payra-monvillage.fr\/index.php\/wp-json\/wp\/v2\/posts\/4466","targetHints":{"allow":["GET"]}}],"collection":[{"href":"https:\/\/payra-monvillage.fr\/index.php\/wp-json\/wp\/v2\/posts"}],"about":[{"href":"https:\/\/payra-monvillage.fr\/index.php\/wp-json\/wp\/v2\/types\/post"}],"author":[{"embeddable":true,"href":"https:\/\/payra-monvillage.fr\/index.php\/wp-json\/wp\/v2\/users\/1"}],"replies":[{"embeddable":true,"href":"https:\/\/payra-monvillage.fr\/index.php\/wp-json\/wp\/v2\/comments?post=4466"}],"version-history":[{"count":1,"href":"https:\/\/payra-monvillage.fr\/index.php\/wp-json\/wp\/v2\/posts\/4466\/revisions"}],"predecessor-version":[{"id":4467,"href":"https:\/\/payra-monvillage.fr\/index.php\/wp-json\/wp\/v2\/posts\/4466\/revisions\/4467"}],"wp:attachment":[{"href":"https:\/\/payra-monvillage.fr\/index.php\/wp-json\/wp\/v2\/media?parent=4466"}],"wp:term":[{"taxonomy":"category","embeddable":true,"href":"https:\/\/payra-monvillage.fr\/index.php\/wp-json\/wp\/v2\/categories?post=4466"},{"taxonomy":"post_tag","embeddable":true,"href":"https:\/\/payra-monvillage.fr\/index.php\/wp-json\/wp\/v2\/tags?post=4466"}],"curies":[{"name":"wp","href":"https:\/\/api.w.org\/{rel}","templated":true}]}}