{"id":4301,"date":"2025-03-07T11:06:15","date_gmt":"2025-03-07T10:06:15","guid":{"rendered":"https:\/\/payra-monvillage.fr\/?p=4301"},"modified":"2025-03-07T11:16:23","modified_gmt":"2025-03-07T10:16:23","slug":"information-mairie-12-et-13-mars-2025","status":"publish","type":"post","link":"https:\/\/payra-monvillage.fr\/index.php\/2025\/03\/07\/information-mairie-12-et-13-mars-2025\/","title":{"rendered":"information mairie 12 et 13 mars 2025"},"content":{"rendered":"\n<p>i<strong><u>nformation communale<\/u><\/strong><\/p>\n\n\n\n<figure class=\"wp-block-image size-full\"><img loading=\"lazy\" decoding=\"async\" width=\"1000\" height=\"749\" src=\"https:\/\/payra-monvillage.fr\/wp-content\/uploads\/2025\/03\/photomairie3.jpg\" alt=\"\" class=\"wp-image-4304\" srcset=\"https:\/\/payra-monvillage.fr\/wp-content\/uploads\/2025\/03\/photomairie3.jpg 1000w, https:\/\/payra-monvillage.fr\/wp-content\/uploads\/2025\/03\/photomairie3-300x225.jpg 300w, https:\/\/payra-monvillage.fr\/wp-content\/uploads\/2025\/03\/photomairie3-768x575.jpg 768w\" sizes=\"auto, (max-width: 767px) 89vw, (max-width: 1000px) 54vw, (max-width: 1071px) 543px, 580px\" \/><\/figure>\n\n\n\n<p>Bonjour<\/p>\n\n\n\n<p>Le secr\u00e9tariat de Mairie sera&nbsp;<strong>exceptionnellement ferm\u00e9 le mercredi 12 et le jeudi 13 mars 2025<\/strong><\/p>\n\n\n\n<p>Vous remerciant pour votre compr\u00e9hension<br>Bien cordialement.<\/p>\n","protected":false},"excerpt":{"rendered":"<p>information communale Bonjour Le secr\u00e9tariat de Mairie sera&nbsp;exceptionnellement ferm\u00e9 le mercredi 12 et le jeudi 13 mars 2025 Vous remerciant pour votre compr\u00e9hensionBien cordialement.<\/p>\n","protected":false},"author":1,"featured_media":0,"comment_status":"open","ping_status":"open","sticky":false,"template":"","format":"standard","meta":{"footnotes":""},"categories":[1],"tags":[],"class_list":["post-4301","post","type-post","status-publish","format-standard","hentry","category-non-classe"],"_links":{"self":[{"href":"https:\/\/payra-monvillage.fr\/index.php\/wp-json\/wp\/v2\/posts\/4301","targetHints":{"allow":["GET"]}}],"collection":[{"href":"https:\/\/payra-monvillage.fr\/index.php\/wp-json\/wp\/v2\/posts"}],"about":[{"href":"https:\/\/payra-monvillage.fr\/index.php\/wp-json\/wp\/v2\/types\/post"}],"author":[{"embeddable":true,"href":"https:\/\/payra-monvillage.fr\/index.php\/wp-json\/wp\/v2\/users\/1"}],"replies":[{"embeddable":true,"href":"https:\/\/payra-monvillage.fr\/index.php\/wp-json\/wp\/v2\/comments?post=4301"}],"version-history":[{"count":3,"href":"https:\/\/payra-monvillage.fr\/index.php\/wp-json\/wp\/v2\/posts\/4301\/revisions"}],"predecessor-version":[{"id":4306,"href":"https:\/\/payra-monvillage.fr\/index.php\/wp-json\/wp\/v2\/posts\/4301\/revisions\/4306"}],"wp:attachment":[{"href":"https:\/\/payra-monvillage.fr\/index.php\/wp-json\/wp\/v2\/media?parent=4301"}],"wp:term":[{"taxonomy":"category","embeddable":true,"href":"https:\/\/payra-monvillage.fr\/index.php\/wp-json\/wp\/v2\/categories?post=4301"},{"taxonomy":"post_tag","embeddable":true,"href":"https:\/\/payra-monvillage.fr\/index.php\/wp-json\/wp\/v2\/tags?post=4301"}],"curies":[{"name":"wp","href":"https:\/\/api.w.org\/{rel}","templated":true}]}}