{"id":4293,"date":"2025-02-25T10:19:01","date_gmt":"2025-02-25T09:19:01","guid":{"rendered":"https:\/\/payra-monvillage.fr\/?p=4293"},"modified":"2025-02-25T10:19:01","modified_gmt":"2025-02-25T09:19:01","slug":"la-grande-enquete","status":"publish","type":"post","link":"https:\/\/payra-monvillage.fr\/index.php\/2025\/02\/25\/la-grande-enquete\/","title":{"rendered":"LA GRANDE ENQUETE"},"content":{"rendered":"\n<p><strong><u>Information CCCLA<\/u><\/strong><\/p>\n\n\n\n<figure class=\"wp-block-image size-full\"><img loading=\"lazy\" decoding=\"async\" width=\"800\" height=\"600\" src=\"https:\/\/payra-monvillage.fr\/wp-content\/uploads\/2025\/02\/LA-GRANDE-ENQUETE.jpg\" alt=\"\" class=\"wp-image-4294\" srcset=\"https:\/\/payra-monvillage.fr\/wp-content\/uploads\/2025\/02\/LA-GRANDE-ENQUETE.jpg 800w, https:\/\/payra-monvillage.fr\/wp-content\/uploads\/2025\/02\/LA-GRANDE-ENQUETE-300x225.jpg 300w, https:\/\/payra-monvillage.fr\/wp-content\/uploads\/2025\/02\/LA-GRANDE-ENQUETE-768x576.jpg 768w\" sizes=\"auto, (max-width: 767px) 89vw, (max-width: 1000px) 54vw, (max-width: 1071px) 543px, 580px\" \/><\/figure>\n\n\n\n<p>\ud83d\udce2&nbsp;Votre avis compte !&nbsp;\ud83d\udde3<\/p>\n\n\n\n<p>Du 1er f\u00e9vrier au 31 mars 2025, la CCCLA et la CCPLM vous invitent \u00e0 r\u00e9pondre \u00e0 un questionnaire sur vos d\u00e9placements. En quelques minutes, partagez votre exp\u00e9rience et contribuez \u00e0 am\u00e9liorer la mobilit\u00e9 sur notre territoire.<\/p>\n\n\n\n<p><a rel=\"noreferrer noopener\" target=\"_blank\" href=\"https:\/\/forms.office.com\/e\/HS5NeV5Ppy\">Cliquez ici pour r\u00e9pondre au questionnaire.<\/a><\/p>\n\n\n\n<p>Pourquoi c\u2019est important ? Parce que votre t\u00e9moignage nous aide \u00e0 :<\/p>\n\n\n\n<p>\u2705&nbsp;Comprendre vos trajets quotidiens&nbsp;\ud83d\ude97&nbsp;: Comment vous d\u00e9placez-vous ? Quels sont vos modes de transport privil\u00e9gi\u00e9s ?<\/p>\n\n\n\n<p>\u2705&nbsp;Identifier vos besoins&nbsp;\ud83c\udfe1&nbsp;: Quelles sont vos difficult\u00e9s ? Quelles solutions faciliteraient votre quotidien ?<\/p>\n\n\n\n<p>\u2705&nbsp;\u00c9couter vos attentes pour demain&nbsp;\ud83c\udf0d&nbsp;: Quels changements souhaitez-vous voir en mati\u00e8re de mobilit\u00e9s ?<\/p>\n\n\n\n<p>\u2705&nbsp;Construire ensemble des solutions adapt\u00e9es&nbsp;\ud83d\ude80&nbsp;: Votre voix influence les d\u00e9cisions pour un territoire plus accessible et durable.<\/p>\n\n\n\n<p>\ud83d\udca1&nbsp;Plus nous serons nombreux \u00e0 participer, plus les actions mises en place seront justes et efficaces. Alors, pr\u00eat(e) \u00e0 faire entendre votre voix ?<\/p>\n\n\n\n<p>\ud83d\udccc&nbsp;Rendez-vous d\u00e8s le 1er f\u00e9vrier pour r\u00e9pondre au&nbsp;<a rel=\"noreferrer noopener\" target=\"_blank\" href=\"https:\/\/forms.office.com\/e\/HS5NeV5Ppy\">questionnaire<\/a>&nbsp;!<\/p>\n\n\n\n<p>#Mobilit\u00e9 #LauragaisAudois #CCPLM #CCCLA #Aude #AgirEnsemble #ConcertationCitoyenne\ud83d\udeb4\u200d\u2642\ufe0f\ud83d\ude83\ud83d\udeb6\u200d\u2640\ufe0f<\/p>\n\n\n\n<p>&#8212;<\/p>\n","protected":false},"excerpt":{"rendered":"<p>Information CCCLA \ud83d\udce2&nbsp;Votre avis compte !&nbsp;\ud83d\udde3 Du 1er f\u00e9vrier au 31 mars 2025, la CCCLA et la CCPLM vous invitent \u00e0 r\u00e9pondre \u00e0 un questionnaire sur vos d\u00e9placements. En quelques minutes, partagez votre exp\u00e9rience et contribuez \u00e0 am\u00e9liorer la mobilit\u00e9 sur notre territoire. Cliquez ici pour r\u00e9pondre au questionnaire. Pourquoi c\u2019est important ? Parce que &hellip; <\/p>\n<p class=\"link-more\"><a href=\"https:\/\/payra-monvillage.fr\/index.php\/2025\/02\/25\/la-grande-enquete\/\" class=\"more-link\">Continuer la lecture<span class=\"screen-reader-text\"> de &laquo;&nbsp;LA GRANDE ENQUETE&nbsp;&raquo;<\/span><\/a><\/p>\n","protected":false},"author":1,"featured_media":0,"comment_status":"open","ping_status":"open","sticky":false,"template":"","format":"standard","meta":{"footnotes":""},"categories":[1],"tags":[],"class_list":["post-4293","post","type-post","status-publish","format-standard","hentry","category-non-classe"],"_links":{"self":[{"href":"https:\/\/payra-monvillage.fr\/index.php\/wp-json\/wp\/v2\/posts\/4293","targetHints":{"allow":["GET"]}}],"collection":[{"href":"https:\/\/payra-monvillage.fr\/index.php\/wp-json\/wp\/v2\/posts"}],"about":[{"href":"https:\/\/payra-monvillage.fr\/index.php\/wp-json\/wp\/v2\/types\/post"}],"author":[{"embeddable":true,"href":"https:\/\/payra-monvillage.fr\/index.php\/wp-json\/wp\/v2\/users\/1"}],"replies":[{"embeddable":true,"href":"https:\/\/payra-monvillage.fr\/index.php\/wp-json\/wp\/v2\/comments?post=4293"}],"version-history":[{"count":1,"href":"https:\/\/payra-monvillage.fr\/index.php\/wp-json\/wp\/v2\/posts\/4293\/revisions"}],"predecessor-version":[{"id":4295,"href":"https:\/\/payra-monvillage.fr\/index.php\/wp-json\/wp\/v2\/posts\/4293\/revisions\/4295"}],"wp:attachment":[{"href":"https:\/\/payra-monvillage.fr\/index.php\/wp-json\/wp\/v2\/media?parent=4293"}],"wp:term":[{"taxonomy":"category","embeddable":true,"href":"https:\/\/payra-monvillage.fr\/index.php\/wp-json\/wp\/v2\/categories?post=4293"},{"taxonomy":"post_tag","embeddable":true,"href":"https:\/\/payra-monvillage.fr\/index.php\/wp-json\/wp\/v2\/tags?post=4293"}],"curies":[{"name":"wp","href":"https:\/\/api.w.org\/{rel}","templated":true}]}}