{"id":4290,"date":"2025-02-25T10:07:33","date_gmt":"2025-02-25T09:07:33","guid":{"rendered":"https:\/\/payra-monvillage.fr\/?p=4290"},"modified":"2025-02-25T10:07:33","modified_gmt":"2025-02-25T09:07:33","slug":"association-les-chemins-retrouves-projets-2025","status":"publish","type":"post","link":"https:\/\/payra-monvillage.fr\/index.php\/2025\/02\/25\/association-les-chemins-retrouves-projets-2025\/","title":{"rendered":"association les chemins retrouv\u00e9s Projets 2025"},"content":{"rendered":"\n<p>Association \u00ab LES CHEMINS RETROUVES \u00bb<br>N\u00b0 Association : W11003917 reconnue d\u2019int\u00e9r\u00eat g\u00e9n\u00e9ral<br>AG ordinaire du 21 F\u00e9vrier 2025 par rapport \u00e0 l\u2019ann\u00e9e 2024<br>Etaient pr\u00e9sents : Monique Amiel, Alix Del Villar, Christian Escribe, B\u00e9atrice et Norbert Del Villar, Joseph et Genevi\u00e8ve Morillo, Sylvie Vallati, Patricia et Bernard Pech, Olivier Pellevoizin, Josette Saury, Ronard Schaerli, Marie Luise et Jos\u00e9 Aveline, Mich\u00e8le et Antoine ESPANOL<\/p>\n\n\n\n<p>RAPPORT MORAL et D\u2019ACTIVITE 2024<br>En 2024, nous avons entretenu et d\u00e9broussaill\u00e9 les chemins d\u00e9j\u00e0 ouverts avec l\u2019aide de tous.<br>Max a fait inscrire 2 boucles au PDIPR (Plan d\u00e9partemental des itin\u00e9raires de promenade et de randonn\u00e9e)<br>Ces 2 boucles ont \u00e9t\u00e9 balis\u00e9es suivant la signal\u00e9tique r\u00e9glementaire (fl\u00e9chage jaune).<br>En fin d\u2019ann\u00e9e, nous avons proc\u00e9d\u00e9 \u00e0 la r\u00e9fection du panneau des randonn\u00e9es en bas du village (montants repeints en noir, cr\u00e9ation d\u2019un avant-toit pour prot\u00e9ger du soleil et changement de la carte tr\u00e8s ab\u00eem\u00e9e par le soleil.<\/p>\n\n\n\n<p>PROJETS POUR 2025<\/p>\n\n\n\n<ul class=\"wp-block-list\">\n<li>balisage dans le village pour les 2 boucles PDIPR<\/li>\n\n\n\n<li>Table d&rsquo;orientation au niveau du ch\u00e2teau d\u2019eau<\/li>\n\n\n\n<li>pique-nique du lundi de P\u00e2ques le 21 avril<\/li>\n\n\n\n<li>rando d\u00e9couverte du 18 mai<\/li>\n\n\n\n<li>rando de la Pi\u00e8ge le 15 juin Mayreville &#8211; Payra (d\u00e9gustation) et retour<\/li>\n\n\n\n<li>rando de l&rsquo;association le jeudi 14 ao\u00fbt (ou 13 ao\u00fbt si march\u00e9 nocturne le 14 ao\u00fbt)<br>RENOUVELLEMENT DU BUREAU<br>Le d\u00e9lai des 3 ans \u00e9tant venu \u00e0 \u00e9ch\u00e9ance, le bureau a \u00e9t\u00e9 renouvel\u00e9 :<\/li>\n\n\n\n<li>pr\u00e9sident : Jos\u00e9 AVELINE<\/li>\n\n\n\n<li>vice-pr\u00e9sident : Norbert DEL VILLAR<\/li>\n\n\n\n<li>tr\u00e9sori\u00e8re : Monique AMIEL<\/li>\n\n\n\n<li>secr\u00e9taire : B\u00e9atrice DEL VILLAR<br>Le bureau a \u00e9t\u00e9 \u00e9lu \u00e0 l\u2019unanimit\u00e9.<br>QUESTIONS DIVERSES<\/li>\n\n\n\n<li>signature de la convention avec la mairie pour l\u2019entretien des boucles de randonn\u00e9es : rendez-vous pris en Mairie pour le vendredi 28 f\u00e9vrier \u00e0 10 h en pr\u00e9sence de Bernard Pech, Jos\u00e9 Aveline, Norbert Del Villar et Christian Escribe. Principe : la commune prendrait en charge 2 fois par an le fauchage et le d\u00e9broussaillement (\u00e9pareuse) des chemins accessibles par le tracteur municipal et r\u00e9f\u00e9renc\u00e9s dans les boucles de randonn\u00e9es.<br>-D\u00e9broussaillage : plut\u00f4t le jeudi apr\u00e8s-midi (en hiver) et le matin (en \u00e9t\u00e9). Un message WhatsApp sera fait au pr\u00e9alable. RDV au panneau de randonn\u00e9e en bas du village.<\/li>\n\n\n\n<li>Rando d\u00e9couverte du 18 mai 2025 : rando organis\u00e9e par le d\u00e9partement dans le cadre de Natura 2000 pour pr\u00e9senter le patrimoine naturel de la Pi\u00e8ge. Trac\u00e9 pressenti entre la Piboulette et la Jasse, \u00e0 affiner avec les organisateurs. A voir l\u2019opportunit\u00e9 de mettre en avant l\u2019association \u00ab les chemins retrouv\u00e9s \u00bb pour en expliciter les finalit\u00e9s et r\u00e9alisations. Interlocuteurs David Richin de l&rsquo;association naturaliste Ecodiv, bas\u00e9e \u00e0 Fendeille (https:\/\/ecodiv.fr\/) et Aur\u00e9lie Az\u00e9ma de l&rsquo;association Nature en Jeux, bas\u00e9e \u00e0 Salles-sur-l&rsquo;Hers, membres du r\u00e9seau d&rsquo;\u00e9ducation \u00e0 l&rsquo;environnement Gee Aude avec organisation de sorties ENSemble du D\u00e9partement, balades gratuites financ\u00e9es par le D\u00e9partement sur ses espaces naturels sensibles, en en dehors \u00e0 partir de 2025. Voir brochure 2024: https:\/\/espacesnaturelssensibles.aude.fr\/ensemble-decouvrons-les-espaces-naturels-sensibles<br>-Rando de la Pi\u00e8ge le 15 juin 2025 avec point d\u00e9gustation \u00e0 Payra. L\u2019association sera invit\u00e9e \u00e0 participer, notamment pour contribuer \u00e0 la pr\u00e9paration des itin\u00e9raires r\u00e9f\u00e9renc\u00e9s dans nos parcours, et pour contribuer \u00e0 la s\u00e9curisation de l\u2019\u00e9v\u00e8nement.<\/li>\n\n\n\n<li>Table d\u2019orientation au niveau du ch\u00e2teau d\u2019eau : Jos\u00e9 se rapproche de l\u2019Office de Tourisme de Castelnaudary pour voir pour une \u00e9ventuelle subvention. Il mentionne qu\u2019un<br>site existe r\u00e9f\u00e9ren\u00e7ant toutes les tables d\u2019orientation relatives aux Pyr\u00e9n\u00e9es. https:\/\/www.tables-orientation-pyrenees.fr\/<br>Alix montre une alternative \u00e0 base de tubes m\u00e9talliques qui serait moins ch\u00e8re.<br>Patricia indique que ce mod\u00e8le peut \u00e9galement \u00eatre cr\u00e9\u00e9 en bambou.<\/li>\n\n\n\n<li>Rapprochement \u00e0 faire avec l\u2019Association des Randonneurs et les \u00e9lus en charge sur Villeneuve la Comptal, Fendeille et le Mas Stes Puelles pour voir la possibilit\u00e9 d\u2019interconnecter les balades existant sur les diff\u00e9rentes communes, et peut \u00eatre envisager de nouvelles inscriptions au PDIPR<br>-A v\u00e9rifier le r\u00e9f\u00e9rencement de nos chemins sur les sites de randonn\u00e9es : visiorando et IGN rando afin de leur donner plus de visibilit\u00e9. Sylvie v\u00e9rifie que Max a bien mis en ligne nos 8 boucles. Dans le cas contraire, Alix se chargera de les y mettre.<\/li>\n\n\n\n<li>March\u00e9 nocturne \u00e0 Payra : Bernard PECH nous a indiqu\u00e9 que Payra \u00e9tait sur la liste des march\u00e9s nocturnes et qu\u2019il attend la date d\u00e9finitive qui pourrait \u00eatre le jeudi 14 ao\u00fbt.<br>Si cette date est confirm\u00e9e, nos rando et pique-nique se feront le 13 ao\u00fbt (sachant qu\u2019en cas de mauvais temps des tentes seront d\u00e9j\u00e0 mont\u00e9es sur le terrain communal).<\/li>\n\n\n\n<li>Hommage est rendu \u00e0 Max, qui s\u2019est beaucoup d\u00e9vou\u00e9 pour l\u2019association et qui lui a \u00e9norm\u00e9ment apport\u00e9 ; Au-del\u00e0, c\u2019\u00e9tait une tr\u00e8s belle personne et un ami pr\u00e9cieux, que nous regrettons tous.<\/li>\n\n\n\n<li>Sylvie VALLATI remercie l\u2019association pour la cagnotte \u00e0 l\u2019occasion du d\u00e9c\u00e8s de Max (revers\u00e9e \u00e0 l\u2019association Green Peace conform\u00e9ment aux souhaits de Max) et pour tous les t\u00e9moignages et marques d\u2019affection re\u00e7ues.<br>Sylvie souhaite rendre hommage \u00e0 Max le jour de la rando du 13 o\u00f9 14 ao\u00fbt avec famille et amis. Elle souhaiterait les faire participer \u00e0 la rando et au pique-nique partag\u00e9 avec nous. Tous les pr\u00e9sents ont \u00e9t\u00e9 d\u2019accord avec sa demande.<br>Nous avons cl\u00f4tur\u00e9 la s\u00e9ance en partageant le verre de l\u2019amiti\u00e9.<br>Fait \u00e0 Payra sur l\u2019Hers, le 21 f\u00e9vrier 2025<br>Le pr\u00e9sident, Jos\u00e9 AVELINE<\/li>\n<\/ul>\n","protected":false},"excerpt":{"rendered":"<p>Association \u00ab LES CHEMINS RETROUVES \u00bbN\u00b0 Association : W11003917 reconnue d\u2019int\u00e9r\u00eat g\u00e9n\u00e9ralAG ordinaire du 21 F\u00e9vrier 2025 par rapport \u00e0 l\u2019ann\u00e9e 2024Etaient pr\u00e9sents : Monique Amiel, Alix Del Villar, Christian Escribe, B\u00e9atrice et Norbert Del Villar, Joseph et Genevi\u00e8ve Morillo, Sylvie Vallati, Patricia et Bernard Pech, Olivier Pellevoizin, Josette Saury, Ronard Schaerli, Marie Luise et &hellip; <\/p>\n<p class=\"link-more\"><a href=\"https:\/\/payra-monvillage.fr\/index.php\/2025\/02\/25\/association-les-chemins-retrouves-projets-2025\/\" class=\"more-link\">Continuer la lecture<span class=\"screen-reader-text\"> de &laquo;&nbsp;association les chemins retrouv\u00e9s Projets 2025&nbsp;&raquo;<\/span><\/a><\/p>\n","protected":false},"author":1,"featured_media":0,"comment_status":"open","ping_status":"open","sticky":false,"template":"","format":"standard","meta":{"footnotes":""},"categories":[1],"tags":[],"class_list":["post-4290","post","type-post","status-publish","format-standard","hentry","category-non-classe"],"_links":{"self":[{"href":"https:\/\/payra-monvillage.fr\/index.php\/wp-json\/wp\/v2\/posts\/4290","targetHints":{"allow":["GET"]}}],"collection":[{"href":"https:\/\/payra-monvillage.fr\/index.php\/wp-json\/wp\/v2\/posts"}],"about":[{"href":"https:\/\/payra-monvillage.fr\/index.php\/wp-json\/wp\/v2\/types\/post"}],"author":[{"embeddable":true,"href":"https:\/\/payra-monvillage.fr\/index.php\/wp-json\/wp\/v2\/users\/1"}],"replies":[{"embeddable":true,"href":"https:\/\/payra-monvillage.fr\/index.php\/wp-json\/wp\/v2\/comments?post=4290"}],"version-history":[{"count":1,"href":"https:\/\/payra-monvillage.fr\/index.php\/wp-json\/wp\/v2\/posts\/4290\/revisions"}],"predecessor-version":[{"id":4291,"href":"https:\/\/payra-monvillage.fr\/index.php\/wp-json\/wp\/v2\/posts\/4290\/revisions\/4291"}],"wp:attachment":[{"href":"https:\/\/payra-monvillage.fr\/index.php\/wp-json\/wp\/v2\/media?parent=4290"}],"wp:term":[{"taxonomy":"category","embeddable":true,"href":"https:\/\/payra-monvillage.fr\/index.php\/wp-json\/wp\/v2\/categories?post=4290"},{"taxonomy":"post_tag","embeddable":true,"href":"https:\/\/payra-monvillage.fr\/index.php\/wp-json\/wp\/v2\/tags?post=4290"}],"curies":[{"name":"wp","href":"https:\/\/api.w.org\/{rel}","templated":true}]}}