{"id":4262,"date":"2025-02-17T19:21:39","date_gmt":"2025-02-17T18:21:39","guid":{"rendered":"https:\/\/payra-monvillage.fr\/?p=4262"},"modified":"2025-02-25T10:36:54","modified_gmt":"2025-02-25T09:36:54","slug":"mission-et-animation-de-leglise","status":"publish","type":"post","link":"https:\/\/payra-monvillage.fr\/index.php\/2025\/02\/17\/mission-et-animation-de-leglise\/","title":{"rendered":"MISSION ET ANIMATION DE L&rsquo;EGLISE"},"content":{"rendered":"\n<figure class=\"wp-block-image size-large\"><img loading=\"lazy\" decoding=\"async\" width=\"721\" height=\"1024\" src=\"https:\/\/payra-monvillage.fr\/wp-content\/uploads\/2025\/02\/IMG-20250217-WA00001-721x1024.jpg\" alt=\"\" class=\"wp-image-4263\" srcset=\"https:\/\/payra-monvillage.fr\/wp-content\/uploads\/2025\/02\/IMG-20250217-WA00001-721x1024.jpg 721w, https:\/\/payra-monvillage.fr\/wp-content\/uploads\/2025\/02\/IMG-20250217-WA00001-211x300.jpg 211w, https:\/\/payra-monvillage.fr\/wp-content\/uploads\/2025\/02\/IMG-20250217-WA00001-768x1091.jpg 768w, https:\/\/payra-monvillage.fr\/wp-content\/uploads\/2025\/02\/IMG-20250217-WA00001-1081x1536.jpg 1081w, https:\/\/payra-monvillage.fr\/wp-content\/uploads\/2025\/02\/IMG-20250217-WA00001.jpg 1126w\" sizes=\"auto, (max-width: 721px) 100vw, 721px\" \/><\/figure>\n\n\n\n<figure class=\"wp-block-image size-large\"><img loading=\"lazy\" decoding=\"async\" width=\"1024\" height=\"768\" src=\"https:\/\/payra-monvillage.fr\/wp-content\/uploads\/2025\/02\/DSC087901-1024x768.jpg\" alt=\"\" class=\"wp-image-4298\" srcset=\"https:\/\/payra-monvillage.fr\/wp-content\/uploads\/2025\/02\/DSC087901-1024x768.jpg 1024w, https:\/\/payra-monvillage.fr\/wp-content\/uploads\/2025\/02\/DSC087901-300x225.jpg 300w, https:\/\/payra-monvillage.fr\/wp-content\/uploads\/2025\/02\/DSC087901-768x576.jpg 768w, https:\/\/payra-monvillage.fr\/wp-content\/uploads\/2025\/02\/DSC087901.jpg 1200w\" sizes=\"auto, (max-width: 767px) 89vw, (max-width: 1000px) 54vw, (max-width: 1071px) 543px, 580px\" \/><\/figure>\n\n\n\n<figure class=\"wp-block-image size-large\"><img loading=\"lazy\" decoding=\"async\" width=\"757\" height=\"1024\" src=\"https:\/\/payra-monvillage.fr\/wp-content\/uploads\/2025\/02\/IMG-20250217-WA000111-757x1024.jpg\" alt=\"\" class=\"wp-image-4264\" srcset=\"https:\/\/payra-monvillage.fr\/wp-content\/uploads\/2025\/02\/IMG-20250217-WA000111-757x1024.jpg 757w, https:\/\/payra-monvillage.fr\/wp-content\/uploads\/2025\/02\/IMG-20250217-WA000111-222x300.jpg 222w, https:\/\/payra-monvillage.fr\/wp-content\/uploads\/2025\/02\/IMG-20250217-WA000111-768x1038.jpg 768w, https:\/\/payra-monvillage.fr\/wp-content\/uploads\/2025\/02\/IMG-20250217-WA000111.jpg 1045w\" sizes=\"auto, (max-width: 706px) 89vw, (max-width: 767px) 82vw, 740px\" \/><\/figure>\n\n\n\n<figure class=\"wp-block-image size-full\"><img loading=\"lazy\" decoding=\"async\" width=\"750\" height=\"1000\" src=\"https:\/\/payra-monvillage.fr\/wp-content\/uploads\/2025\/02\/pere-marc-olivier.png\" alt=\"\" class=\"wp-image-4287\" srcset=\"https:\/\/payra-monvillage.fr\/wp-content\/uploads\/2025\/02\/pere-marc-olivier.png 750w, https:\/\/payra-monvillage.fr\/wp-content\/uploads\/2025\/02\/pere-marc-olivier-225x300.png 225w\" sizes=\"auto, (max-width: 706px) 89vw, (max-width: 767px) 82vw, 740px\" \/><\/figure>\n\n\n\n<p>\u00ab\u00a0\u00a0\u00bb<strong>Il est n\u00e9, il y a 44 ans, \u00e0 Saint Germain dans les Yvelines en r\u00e9gion parisienne. Issu d&rsquo;une famille chr\u00e9tienne qui lui a transmis la foi, P\u00e8re Marc-Olivier de Vaugiraud nourrissait d\u00e9j\u00e0 d&rsquo;\u00eatre pr\u00eatre alors qu&rsquo;il avait huit ans. Une sorte de secret qu&rsquo;il n&rsquo;a jamais voulu r\u00e9v\u00e9ler. Un sentiment d&rsquo;\u00e9vidence, qu&rsquo;il a gard\u00e9 jalousement comme une chose qu&rsquo;il ne voulait pas qu&rsquo;on lui vole.<\/strong>\u00ab\u00a0<\/p>\n","protected":false},"excerpt":{"rendered":"<p>\u00ab\u00a0\u00a0\u00bbIl est n\u00e9, il y a 44 ans, \u00e0 Saint Germain dans les Yvelines en r\u00e9gion parisienne. Issu d&rsquo;une famille chr\u00e9tienne qui lui a transmis la foi, P\u00e8re Marc-Olivier de Vaugiraud nourrissait d\u00e9j\u00e0 d&rsquo;\u00eatre pr\u00eatre alors qu&rsquo;il avait huit ans. Une sorte de secret qu&rsquo;il n&rsquo;a jamais voulu r\u00e9v\u00e9ler. Un sentiment d&rsquo;\u00e9vidence, qu&rsquo;il a gard\u00e9 &hellip; <\/p>\n<p class=\"link-more\"><a href=\"https:\/\/payra-monvillage.fr\/index.php\/2025\/02\/17\/mission-et-animation-de-leglise\/\" class=\"more-link\">Continuer la lecture<span class=\"screen-reader-text\"> de &laquo;&nbsp;MISSION ET ANIMATION DE L&rsquo;EGLISE&nbsp;&raquo;<\/span><\/a><\/p>\n","protected":false},"author":1,"featured_media":0,"comment_status":"open","ping_status":"open","sticky":false,"template":"","format":"standard","meta":{"footnotes":""},"categories":[1],"tags":[],"class_list":["post-4262","post","type-post","status-publish","format-standard","hentry","category-non-classe"],"_links":{"self":[{"href":"https:\/\/payra-monvillage.fr\/index.php\/wp-json\/wp\/v2\/posts\/4262","targetHints":{"allow":["GET"]}}],"collection":[{"href":"https:\/\/payra-monvillage.fr\/index.php\/wp-json\/wp\/v2\/posts"}],"about":[{"href":"https:\/\/payra-monvillage.fr\/index.php\/wp-json\/wp\/v2\/types\/post"}],"author":[{"embeddable":true,"href":"https:\/\/payra-monvillage.fr\/index.php\/wp-json\/wp\/v2\/users\/1"}],"replies":[{"embeddable":true,"href":"https:\/\/payra-monvillage.fr\/index.php\/wp-json\/wp\/v2\/comments?post=4262"}],"version-history":[{"count":4,"href":"https:\/\/payra-monvillage.fr\/index.php\/wp-json\/wp\/v2\/posts\/4262\/revisions"}],"predecessor-version":[{"id":4299,"href":"https:\/\/payra-monvillage.fr\/index.php\/wp-json\/wp\/v2\/posts\/4262\/revisions\/4299"}],"wp:attachment":[{"href":"https:\/\/payra-monvillage.fr\/index.php\/wp-json\/wp\/v2\/media?parent=4262"}],"wp:term":[{"taxonomy":"category","embeddable":true,"href":"https:\/\/payra-monvillage.fr\/index.php\/wp-json\/wp\/v2\/categories?post=4262"},{"taxonomy":"post_tag","embeddable":true,"href":"https:\/\/payra-monvillage.fr\/index.php\/wp-json\/wp\/v2\/tags?post=4262"}],"curies":[{"name":"wp","href":"https:\/\/api.w.org\/{rel}","templated":true}]}}