{"id":4253,"date":"2025-02-15T12:29:38","date_gmt":"2025-02-15T11:29:38","guid":{"rendered":"https:\/\/payra-monvillage.fr\/?p=4253"},"modified":"2025-02-17T11:34:11","modified_gmt":"2025-02-17T10:34:11","slug":"vendredi-14-fevrier-2025","status":"publish","type":"post","link":"https:\/\/payra-monvillage.fr\/index.php\/2025\/02\/15\/vendredi-14-fevrier-2025\/","title":{"rendered":"Vendredi 14 f\u00e9vrier 2025"},"content":{"rendered":"\n<p><strong><u>Information communale<\/u><\/strong><\/p>\n\n\n\n<figure class=\"wp-block-image size-full\"><img loading=\"lazy\" decoding=\"async\" width=\"330\" height=\"440\" src=\"https:\/\/payra-monvillage.fr\/wp-content\/uploads\/2025\/02\/Street_Dogs.jpg\" alt=\"\" class=\"wp-image-4260\" srcset=\"https:\/\/payra-monvillage.fr\/wp-content\/uploads\/2025\/02\/Street_Dogs.jpg 330w, https:\/\/payra-monvillage.fr\/wp-content\/uploads\/2025\/02\/Street_Dogs-225x300.jpg 225w\" sizes=\"auto, (max-width: 330px) 100vw, 330px\" \/><\/figure>\n\n\n\n<p>Bonjour<strong><u><\/u><\/strong><\/p>\n\n\n\n<p>Nous avons \u00e0 2 reprises fait un rappel de l&rsquo;arr\u00eat\u00e9 N\u00b006\/2016 portant r\u00e9glementation de la circulation des animaux domestiques sur les voies ouvertes \u00e0 la circulation publique, ainsi que sur les domaines publics ou priv\u00e9s de la commune.<\/p>\n\n\n\n<p>Au vu de plusieurs plaintes de randonneurs et habitants re\u00e7ues en Mairie r\u00e9cemment, nous constatons que le probl\u00e8me de divagation des chiens persiste ainsi que les nuisances qui en d\u00e9coulent.<\/p>\n\n\n\n<p>Avoir un animal, c&rsquo;est aussi respecter des devoirs et obligations pour le bien \u00eatre et le respect de tous.<\/p>\n\n\n\n<p>S&rsquo;agissant du 3e rappel, en cas d&rsquo;infractions \u00e0 l&rsquo;arr\u00eat\u00e9 nous serons contraints de les sanctionner. Les services de Gendarmerie \u00e9tant comp\u00e9tents, les propri\u00e9taires s&rsquo;exposent \u00e0 une contravention de premi\u00e8re classe dont le montant s&rsquo;\u00e9l\u00e8ve \u00e0 38\u20ac maximum en vertu de l&rsquo;article R. 610-5 du Code P\u00e9nal.<\/p>\n\n\n\n<p>Esp\u00e9rant ne pas devoir en arriver l\u00e0, nous comptons sur le civisme de chacun.<\/p>\n\n\n\n<p>Bien cordialement<\/p>\n","protected":false},"excerpt":{"rendered":"<p>Information communale Bonjour Nous avons \u00e0 2 reprises fait un rappel de l&rsquo;arr\u00eat\u00e9 N\u00b006\/2016 portant r\u00e9glementation de la circulation des animaux domestiques sur les voies ouvertes \u00e0 la circulation publique, ainsi que sur les domaines publics ou priv\u00e9s de la commune. Au vu de plusieurs plaintes de randonneurs et habitants re\u00e7ues en Mairie r\u00e9cemment, nous &hellip; <\/p>\n<p class=\"link-more\"><a href=\"https:\/\/payra-monvillage.fr\/index.php\/2025\/02\/15\/vendredi-14-fevrier-2025\/\" class=\"more-link\">Continuer la lecture<span class=\"screen-reader-text\"> de &laquo;&nbsp;Vendredi 14 f\u00e9vrier 2025&nbsp;&raquo;<\/span><\/a><\/p>\n","protected":false},"author":1,"featured_media":0,"comment_status":"open","ping_status":"open","sticky":false,"template":"","format":"standard","meta":{"footnotes":""},"categories":[1],"tags":[],"class_list":["post-4253","post","type-post","status-publish","format-standard","hentry","category-non-classe"],"_links":{"self":[{"href":"https:\/\/payra-monvillage.fr\/index.php\/wp-json\/wp\/v2\/posts\/4253","targetHints":{"allow":["GET"]}}],"collection":[{"href":"https:\/\/payra-monvillage.fr\/index.php\/wp-json\/wp\/v2\/posts"}],"about":[{"href":"https:\/\/payra-monvillage.fr\/index.php\/wp-json\/wp\/v2\/types\/post"}],"author":[{"embeddable":true,"href":"https:\/\/payra-monvillage.fr\/index.php\/wp-json\/wp\/v2\/users\/1"}],"replies":[{"embeddable":true,"href":"https:\/\/payra-monvillage.fr\/index.php\/wp-json\/wp\/v2\/comments?post=4253"}],"version-history":[{"count":3,"href":"https:\/\/payra-monvillage.fr\/index.php\/wp-json\/wp\/v2\/posts\/4253\/revisions"}],"predecessor-version":[{"id":4261,"href":"https:\/\/payra-monvillage.fr\/index.php\/wp-json\/wp\/v2\/posts\/4253\/revisions\/4261"}],"wp:attachment":[{"href":"https:\/\/payra-monvillage.fr\/index.php\/wp-json\/wp\/v2\/media?parent=4253"}],"wp:term":[{"taxonomy":"category","embeddable":true,"href":"https:\/\/payra-monvillage.fr\/index.php\/wp-json\/wp\/v2\/categories?post=4253"},{"taxonomy":"post_tag","embeddable":true,"href":"https:\/\/payra-monvillage.fr\/index.php\/wp-json\/wp\/v2\/tags?post=4253"}],"curies":[{"name":"wp","href":"https:\/\/api.w.org\/{rel}","templated":true}]}}