{"id":4240,"date":"2025-02-10T09:54:53","date_gmt":"2025-02-10T08:54:53","guid":{"rendered":"https:\/\/payra-monvillage.fr\/?p=4240"},"modified":"2025-02-10T09:54:53","modified_gmt":"2025-02-10T08:54:53","slug":"information-mairie-17-fevrier-au-21-fevrier-2025","status":"publish","type":"post","link":"https:\/\/payra-monvillage.fr\/index.php\/2025\/02\/10\/information-mairie-17-fevrier-au-21-fevrier-2025\/","title":{"rendered":"Information mairie 17 f\u00e9vrier au 21 f\u00e9vrier 2025"},"content":{"rendered":"\n<p><strong><u>Information Communale<\/u><\/strong><\/p>\n\n\n\n<p>Bonjour \u00e0 tous<strong><u><\/u><\/strong><\/p>\n\n\n\n<p>En raison des cong\u00e9s le secr\u00e9tariat de mairie de Payra sur l\u2019Hers sera&nbsp;<strong>ferm\u00e9&nbsp;<\/strong>du&nbsp;<strong>lundi 17 au vendredi 21 f\u00e9vrier 2025<\/strong>&nbsp;inclus&nbsp;<\/p>\n\n\n\n<p>R\u00e9ouverture au public le lundi 24 f\u00e9vrier 2025 a 9h<\/p>\n\n\n\n<p>Vous en souhaitant bonne r\u00e9ception<br>Bien cordialement<\/p>\n","protected":false},"excerpt":{"rendered":"<p>Information Communale Bonjour \u00e0 tous En raison des cong\u00e9s le secr\u00e9tariat de mairie de Payra sur l\u2019Hers sera&nbsp;ferm\u00e9&nbsp;du&nbsp;lundi 17 au vendredi 21 f\u00e9vrier 2025&nbsp;inclus&nbsp; R\u00e9ouverture au public le lundi 24 f\u00e9vrier 2025 a 9h Vous en souhaitant bonne r\u00e9ceptionBien cordialement<\/p>\n","protected":false},"author":1,"featured_media":0,"comment_status":"open","ping_status":"open","sticky":false,"template":"","format":"standard","meta":{"footnotes":""},"categories":[1],"tags":[],"class_list":["post-4240","post","type-post","status-publish","format-standard","hentry","category-non-classe"],"_links":{"self":[{"href":"https:\/\/payra-monvillage.fr\/index.php\/wp-json\/wp\/v2\/posts\/4240","targetHints":{"allow":["GET"]}}],"collection":[{"href":"https:\/\/payra-monvillage.fr\/index.php\/wp-json\/wp\/v2\/posts"}],"about":[{"href":"https:\/\/payra-monvillage.fr\/index.php\/wp-json\/wp\/v2\/types\/post"}],"author":[{"embeddable":true,"href":"https:\/\/payra-monvillage.fr\/index.php\/wp-json\/wp\/v2\/users\/1"}],"replies":[{"embeddable":true,"href":"https:\/\/payra-monvillage.fr\/index.php\/wp-json\/wp\/v2\/comments?post=4240"}],"version-history":[{"count":1,"href":"https:\/\/payra-monvillage.fr\/index.php\/wp-json\/wp\/v2\/posts\/4240\/revisions"}],"predecessor-version":[{"id":4241,"href":"https:\/\/payra-monvillage.fr\/index.php\/wp-json\/wp\/v2\/posts\/4240\/revisions\/4241"}],"wp:attachment":[{"href":"https:\/\/payra-monvillage.fr\/index.php\/wp-json\/wp\/v2\/media?parent=4240"}],"wp:term":[{"taxonomy":"category","embeddable":true,"href":"https:\/\/payra-monvillage.fr\/index.php\/wp-json\/wp\/v2\/categories?post=4240"},{"taxonomy":"post_tag","embeddable":true,"href":"https:\/\/payra-monvillage.fr\/index.php\/wp-json\/wp\/v2\/tags?post=4240"}],"curies":[{"name":"wp","href":"https:\/\/api.w.org\/{rel}","templated":true}]}}