{"id":4229,"date":"2025-02-08T10:12:52","date_gmt":"2025-02-08T09:12:52","guid":{"rendered":"https:\/\/payra-monvillage.fr\/?p=4229"},"modified":"2025-02-09T16:16:12","modified_gmt":"2025-02-09T15:16:12","slug":"information-du-dimanche-9-fevrier-2025","status":"publish","type":"post","link":"https:\/\/payra-monvillage.fr\/index.php\/2025\/02\/08\/information-du-dimanche-9-fevrier-2025\/","title":{"rendered":"information du dimanche 9 f\u00e9vrier 2025"},"content":{"rendered":"\n<p><strong>Information Centre Incendie et Secours Salles sur l&rsquo;Hers<\/strong><\/p>\n\n\n\n<p>Bonjour<\/p>\n\n\n\n<p>Le Centre d&rsquo;Incendie et de Secours de Salles sur l&rsquo;Hers nous informe de l&rsquo;organisation d&rsquo;une man\u0153uvre sur notre commune ce dimanche 9 f\u00e9vrier, le matin.<\/p>\n\n\n\n<p>Il s&rsquo;agit pour les sapeurs pompiers de s&rsquo;entra\u00eener en conditions r\u00e9elles.<\/p>\n\n\n\n<p>Nous vous remercions par avance de veiller \u00e0 ne pas d\u00e9ranger son bon d\u00e9roulement en restant \u00e0 distance.<\/p>\n\n\n\n<p>Vous en souhaitant bonne r\u00e9ception<br>Bien cordialement<\/p>\n\n\n\n<figure class=\"wp-block-gallery has-nested-images columns-default is-cropped wp-block-gallery-1 is-layout-flex wp-block-gallery-is-layout-flex\">\n<figure class=\"wp-block-image size-large\"><img loading=\"lazy\" decoding=\"async\" width=\"806\" height=\"1000\" data-id=\"4232\" src=\"https:\/\/payra-monvillage.fr\/wp-content\/uploads\/2025\/02\/POMPIERS.jpg\" alt=\"\" class=\"wp-image-4232\" srcset=\"https:\/\/payra-monvillage.fr\/wp-content\/uploads\/2025\/02\/POMPIERS.jpg 806w, https:\/\/payra-monvillage.fr\/wp-content\/uploads\/2025\/02\/POMPIERS-242x300.jpg 242w, https:\/\/payra-monvillage.fr\/wp-content\/uploads\/2025\/02\/POMPIERS-768x953.jpg 768w\" sizes=\"auto, (max-width: 767px) 89vw, (max-width: 1000px) 54vw, (max-width: 1071px) 543px, 580px\" \/><\/figure>\n\n\n\n<figure class=\"wp-block-image size-large\"><img loading=\"lazy\" decoding=\"async\" width=\"750\" height=\"1000\" data-id=\"4233\" src=\"https:\/\/payra-monvillage.fr\/wp-content\/uploads\/2025\/02\/POMPIERS1.jpg\" alt=\"\" class=\"wp-image-4233\" srcset=\"https:\/\/payra-monvillage.fr\/wp-content\/uploads\/2025\/02\/POMPIERS1.jpg 750w, https:\/\/payra-monvillage.fr\/wp-content\/uploads\/2025\/02\/POMPIERS1-225x300.jpg 225w\" sizes=\"auto, (max-width: 706px) 89vw, (max-width: 767px) 82vw, 740px\" \/><\/figure>\n<\/figure>\n\n\n\n<p>Photographies B\u00e9a.<\/p>\n","protected":false},"excerpt":{"rendered":"<p>Information Centre Incendie et Secours Salles sur l&rsquo;Hers Bonjour Le Centre d&rsquo;Incendie et de Secours de Salles sur l&rsquo;Hers nous informe de l&rsquo;organisation d&rsquo;une man\u0153uvre sur notre commune ce dimanche 9 f\u00e9vrier, le matin. Il s&rsquo;agit pour les sapeurs pompiers de s&rsquo;entra\u00eener en conditions r\u00e9elles. Nous vous remercions par avance de veiller \u00e0 ne pas &hellip; <\/p>\n<p class=\"link-more\"><a href=\"https:\/\/payra-monvillage.fr\/index.php\/2025\/02\/08\/information-du-dimanche-9-fevrier-2025\/\" class=\"more-link\">Continuer la lecture<span class=\"screen-reader-text\"> de &laquo;&nbsp;information du dimanche 9 f\u00e9vrier 2025&nbsp;&raquo;<\/span><\/a><\/p>\n","protected":false},"author":1,"featured_media":0,"comment_status":"open","ping_status":"open","sticky":false,"template":"","format":"standard","meta":{"footnotes":""},"categories":[1],"tags":[],"class_list":["post-4229","post","type-post","status-publish","format-standard","hentry","category-non-classe"],"_links":{"self":[{"href":"https:\/\/payra-monvillage.fr\/index.php\/wp-json\/wp\/v2\/posts\/4229","targetHints":{"allow":["GET"]}}],"collection":[{"href":"https:\/\/payra-monvillage.fr\/index.php\/wp-json\/wp\/v2\/posts"}],"about":[{"href":"https:\/\/payra-monvillage.fr\/index.php\/wp-json\/wp\/v2\/types\/post"}],"author":[{"embeddable":true,"href":"https:\/\/payra-monvillage.fr\/index.php\/wp-json\/wp\/v2\/users\/1"}],"replies":[{"embeddable":true,"href":"https:\/\/payra-monvillage.fr\/index.php\/wp-json\/wp\/v2\/comments?post=4229"}],"version-history":[{"count":3,"href":"https:\/\/payra-monvillage.fr\/index.php\/wp-json\/wp\/v2\/posts\/4229\/revisions"}],"predecessor-version":[{"id":4235,"href":"https:\/\/payra-monvillage.fr\/index.php\/wp-json\/wp\/v2\/posts\/4229\/revisions\/4235"}],"wp:attachment":[{"href":"https:\/\/payra-monvillage.fr\/index.php\/wp-json\/wp\/v2\/media?parent=4229"}],"wp:term":[{"taxonomy":"category","embeddable":true,"href":"https:\/\/payra-monvillage.fr\/index.php\/wp-json\/wp\/v2\/categories?post=4229"},{"taxonomy":"post_tag","embeddable":true,"href":"https:\/\/payra-monvillage.fr\/index.php\/wp-json\/wp\/v2\/tags?post=4229"}],"curies":[{"name":"wp","href":"https:\/\/api.w.org\/{rel}","templated":true}]}}